{"id":2195,"date":"2021-02-24T08:53:23","date_gmt":"2021-02-24T11:53:23","guid":{"rendered":"https:\/\/comunidadefidelidade.com\/site\/?p=2195"},"modified":"2021-02-24T09:23:33","modified_gmt":"2021-02-24T12:23:33","slug":"a-devocao-dos-cinco-primeiros-sabados","status":"publish","type":"post","link":"https:\/\/comunidadefidelidade.com\/site\/a-devocao-dos-cinco-primeiros-sabados\/","title":{"rendered":"A devo\u00e7\u00e3o dos cinco primeiros s\u00e1bados"},"content":{"rendered":"\n<p><strong>Conhe\u00e7a a devo\u00e7\u00e3o dos cinco primeiros s\u00e1bados em repara\u00e7\u00e3o dos pecados cometidos contra o Imaculado Cora\u00e7\u00e3o de Maria.<\/strong><\/p>\n\n\n\n<p>A revela\u00e7\u00e3o da devo\u00e7\u00e3o dos cinco primeiros s\u00e1bados come\u00e7ou na segunda apari\u00e7\u00e3o de Nossa Senhora em F\u00e1tima, Portugal, aos tr\u00eas Pastorinhos. No dia 13 de junho de 1917, a Virgem Maria disse \u00e0 pequena L\u00facia: \u201cJesus quer estabelecer no mundo a devo\u00e7\u00e3o do meu Imaculado Cora\u00e7\u00e3o\u201d<a href=\"https:\/\/blog.cancaonova.com\/tododemaria\/a-devocao-dos-cinco-primeiros-sabados\/#sdfootnote1sym\"><sup>1<\/sup><\/a>. Depois de ouvir estas palavras, as tr\u00eas crian\u00e7as viram a Virgem Sant\u00edssima com um cora\u00e7\u00e3o na m\u00e3o, cercado de espinhos. Eles compreenderam que aquele era o Cora\u00e7\u00e3o Imaculado de Maria, ultrajado pelos pecados da humanidade, que necessitava de repara\u00e7\u00e3o. Na apari\u00e7\u00e3o seguinte, no dia 13 de julho, a M\u00e3e de Deus repetiu as mesmas palavras e disse que voltaria para pedir a devo\u00e7\u00e3o reparadora dos primeiros s\u00e1bados.<\/p>\n\n\n\n<p>Sete anos depois, no dia 10 de dezembro de 1925, em Pontevedra, na Espanha, foi revelado a Irm\u00e3 L\u00facia a devo\u00e7\u00e3o reparadora dos cinco primeiros s\u00e1bados. Em dezembro de 1927, por ordem de seu confessor, a Irm\u00e3 escreveu as palavras que lhe dirigiu a Sant\u00edssima Virgem, nas quais disse: \u201cOlha, minha filha, o Meu Cora\u00e7\u00e3o cercado de espinhos, que os homens ingratos a todos os momentos Me cravam com blasf\u00eamias e ingratid\u00f5es. Tu, ao menos, v\u00ea de Me consolar, e dize que todos aqueles que durante cinco meses, no primeiro s\u00e1bado, se confessarem, recebendo a Sagrada Comunh\u00e3o, rezarem um Ter\u00e7o, e Me fizerem quinze minutos de companhia, meditando nos quinze mist\u00e9rios do Ros\u00e1rio, com o fim de me desagravar, Eu prometo assistir-lhes, na hora da morte com todas as gra\u00e7as necess\u00e1rias para a salva\u00e7\u00e3o dessas almas\u201d<a href=\"https:\/\/blog.cancaonova.com\/tododemaria\/a-devocao-dos-cinco-primeiros-sabados\/#sdfootnote2sym\"><sup>2<\/sup><\/a>.<\/p>\n\n\n\n<p><strong>A devo\u00e7\u00e3o dos primeiros s\u00e1bados na hist\u00f3ria da Igreja<\/strong><\/p>\n\n\n\n<p>A pr\u00e1tica da devo\u00e7\u00e3o reparadora dos primeiros s\u00e1bados do m\u00eas, que Nossa Senhora pediu \u00e0 irm\u00e3 L\u00facia em 1925, n\u00e3o era nenhuma novidade na Igreja. Este pedido da Virgem Maria foi uma confirma\u00e7\u00e3o dos C\u00e9us de uma antiga piedade mariana. O S\u00e1bado como dia consagrado especialmente \u00e0 Sant\u00edssima Virgem \u00e9 uma tradi\u00e7\u00e3o que remonta muito provavelmente os primeiros s\u00e9culos da Igreja. \u201cA presen\u00e7a da Missa de Nossa Senhora nos S\u00e1bados, no missal romano de S\u00e3o Pio V, de 1570, mostra a antiguidade desta pr\u00e1tica que consiste em honrar especialmente a Santa M\u00e3e de Deus nesse dia da semana\u201d<a href=\"https:\/\/blog.cancaonova.com\/tododemaria\/a-devocao-dos-cinco-primeiros-sabados\/#sdfootnote3sym\"><sup>3<\/sup><\/a>.<\/p>\n\n\n\n<p>Apoiados nesta piedosa tradi\u00e7\u00e3o, os membros das Confrarias do Ros\u00e1rio consagravam especialmente a Nossa Senhora quinze s\u00e1bados consecutivos de cada ano lit\u00fargico. Durante esses s\u00e1bados, \u201celes se aproximavam dos sacramentos e cumpriam exerc\u00edcios de piedade particulares em honra dos quinze mist\u00e9rios do santo ros\u00e1rio. Em 1889, o papa Le\u00e3o XIII concedeu a todos os fi\u00e9is uma indulg\u00eancia plen\u00e1ria a ser ganha durante um desses quinze s\u00e1bados\u201d<a href=\"https:\/\/blog.cancaonova.com\/tododemaria\/a-devocao-dos-cinco-primeiros-sabados\/#sdfootnote4sym\"><sup>4<\/sup><\/a>. Entretanto, foi com o grande Papa S\u00e3o Pio X que a devo\u00e7\u00e3o dos primeiros s\u00e1bados foi aprovada e encorajada pelo Vaticano, que em 10 de julho de 1905 indulgenciou pela primeira vez esta devo\u00e7\u00e3o. Alguns anos mais tarde, em 13 de junho de 1912, S\u00e3o Pio X concedeu \u201cindulg\u00eancia plen\u00e1ria, aplic\u00e1vel \u00e0s almas dos defuntos, no primeiro s\u00e1bado de cada m\u00eas, por todos aqueles que, nesse dia, se confessarem, comungarem, cumprirem exerc\u00edcios particulares de devo\u00e7\u00e3o em honra da bem-aventurada Virgem Maria, em esp\u00edrito de repara\u00e7\u00e3o\u201d<a href=\"https:\/\/blog.cancaonova.com\/tododemaria\/a-devocao-dos-cinco-primeiros-sabados\/#sdfootnote5sym\"><sup>5<\/sup><\/a>.<\/p>\n\n\n\n<p>Providencialmente, cinco anos depois, na mesma data, aconteceu a \u201csegunda apari\u00e7\u00e3o de Nossa Senhora em F\u00e1tima, durante a qual os tr\u00eas pastorinhos testemunharam a primeira grande manifesta\u00e7\u00e3o do Imaculado Cora\u00e7\u00e3o de Maria vendo-o \u2018cercado de espinhos que pareciam enterrados nele. [\u2026 Depois de ter essa vis\u00e3o, os Pastorinhos disseram:] Compreendemos que era o Imaculado Cora\u00e7\u00e3o de Maria ultrajado pelos pecados da humanidade que queria repara\u00e7\u00e3o\u2019\u201d<a href=\"https:\/\/blog.cancaonova.com\/tododemaria\/a-devocao-dos-cinco-primeiros-sabados\/#sdfootnote6sym\"><sup>6<\/sup><\/a>. Os termos usados por S\u00e3o Pio X s\u00e3o quase exatamente os mesmos do pedido de Nossa Senhora em Pontevedra, em 1925, principalmente no que diz respeito \u201ca extrema import\u00e2ncia da inten\u00e7\u00e3o reparadora, \u00fanica capaz de afastar e apaziguar a c\u00f3lera de Deus\u201d<a href=\"https:\/\/blog.cancaonova.com\/tododemaria\/a-devocao-dos-cinco-primeiros-sabados\/#sdfootnote7sym\"><sup>7<\/sup><\/a>. Em F\u00e1tima e em Pontevedra, Nossa Senhora n\u00e3o \u00e9 inovadora, mas nos deu a confirma\u00e7\u00e3o do C\u00e9u e um novo impulso \u00e0 devo\u00e7\u00e3o dos primeiros s\u00e1bados, que est\u00e1 firmemente enraizada na mais pura tradi\u00e7\u00e3o cat\u00f3lica.<\/p>\n\n\n\n<p><strong>As cinco ofensas a reparar nos cinco primeiros s\u00e1bados<\/strong><\/p>\n\n\n\n<p>Em 1930, o Padre Jos\u00e9 Bernardo Gon\u00e7alves, ent\u00e3o confessor da Irm\u00e3 L\u00facia, entre outras coisas perguntou a ela: \u201cPorque h\u00e3o de ser \u20185 s\u00e1bados\u2019 e n\u00e3o 9 ou 7 em honra das dores de Nossa Senhora?\u201d<a href=\"https:\/\/blog.cancaonova.com\/tododemaria\/a-devocao-dos-cinco-primeiros-sabados\/#sdfootnote8sym\"><sup>8<\/sup><\/a>&nbsp;Durante uma de suas costumeiras ora\u00e7\u00f5es, na noite do dia 29 para 30 de Maio de 1930, Nosso Senhor revelou a Irm\u00e3 L\u00facia o seguinte:<\/p>\n\n\n\n<blockquote class=\"wp-block-quote is-layout-flow wp-block-quote-is-layout-flow\"><p>Minha filha, o motivo \u00e9 simples: s\u00e3o 5 as esp\u00e9cies de ofensas e blasf\u00eamias contra o Imaculado Cora\u00e7\u00e3o de Maria:<\/p><p><strong>1 \u2013 As blasf\u00eamias contra a Imaculada Concei\u00e7\u00e3o.<\/strong><\/p><p><strong>2 \u2013 Contra a Sua virgindade.<\/strong><\/p><p><strong>3 \u2013 Contra a Maternidade Divina, recusando, ao mesmo tempo, receb\u00ea-La como M\u00e3e dos homens;<\/strong><\/p><p><strong>4 \u2013 Os que procuram publicamente infundir, nos cora\u00e7\u00f5es das crian\u00e7as, a indiferen\u00e7a, o desprezo, e at\u00e9 o \u00f3dio para com esta Imaculada M\u00e3e;<\/strong><\/p><p><strong>5 \u2013 Os que A ultrajam diretamente nas suas sagradas Imagens.<\/strong><\/p><p>Eis, Minha filha, o motivo pelo qual o Imaculado Cora\u00e7\u00e3o de Maria Me levou a pedir esta pequena repara\u00e7\u00e3o; e, em aten\u00e7\u00e3o a ela, mover a minha miseric\u00f3rdia ao perd\u00e3o para com essas almas que tiveram a desgra\u00e7a de A ofender<a href=\"https:\/\/blog.cancaonova.com\/tododemaria\/a-devocao-dos-cinco-primeiros-sabados\/#sdfootnote9sym\"><sup>9<\/sup><\/a>.<\/p><\/blockquote>\n\n\n\n<p>A primeira ofensa \u00e9 a nega\u00e7\u00e3o do dogma da Imaculada Concei\u00e7\u00e3o, definido pelo Papa Pio IX em 8 de dezembro de 1854.<\/p>\n\n\n\n<p>A segunda ofensa \u00e9 nega\u00e7\u00e3o da doutrina acerca da virgindade perp\u00e9tua de Maria. S\u00e3o opositores desta verdade as pessoas que negam que a concep\u00e7\u00e3o e o parto de Jesus n\u00e3o foram virginais, e que Maria n\u00e3o conservou a virgindade depois do parto, bem como aquelas que dizem que a M\u00e3e de Deus teve mais filhos al\u00e9m de Jesus.<\/p>\n\n\n\n<p>A terceira ofensa \u00e9 nega\u00e7\u00e3o da maternidade divina e espiritual de Maria, declarada no III Conc\u00edlio de Constantinopla no ano de 680. A Virgem Maria \u00e9 M\u00e3e de Deus e, ao mesmo tempo, M\u00e3e espiritual dos homens, pela sua participa\u00e7\u00e3o no Mist\u00e9rio da Reden\u00e7\u00e3o do g\u00eanero humano.<\/p>\n\n\n\n<p>A quarta ofensa \u00e9 \u00f3dio para com a Imaculada M\u00e3e de Deus infundido nas crian\u00e7as. \u201cA ideologia Marxista-comunista procurou eliminar todos os vest\u00edgios de religi\u00e3o, a come\u00e7ar pelas crian\u00e7as. [\u2026] Ensinava-se \u00e0s crian\u00e7as o racionalismo puro e, al\u00e9m disso, em certa na\u00e7\u00e3o, os pequeninos aprendiam \u2018ladainhas\u2019 de inj\u00farias contra a M\u00e3e de Deus\u201d<a href=\"https:\/\/blog.cancaonova.com\/tododemaria\/a-devocao-dos-cinco-primeiros-sabados\/#sdfootnote10sym\"><sup>10<\/sup><\/a>.<\/p>\n\n\n\n<p>A quinta ofensa \u00e9 o desrespeito para com as sagradas imagens de Maria. N\u00e3o \u00e9 raro, em nossos dias, o ultraje, o vandalismo e a destrui\u00e7\u00e3o das imagens de Nossa Senhora, principalmente quando estas s\u00e3o expostas em p\u00fablico. Ofendem tamb\u00e9m o Cora\u00e7\u00e3o Imaculado de Maria Sant\u00edssima aquelas pessoas que tiram dos templos sagrados as suas imagens ou as reduzem ao m\u00ednimo, contrariando o que foi dito no Conc\u00edlio Vaticano II: \u201cObservem religiosamente aquelas coisas que nos tempos passados foram decretadas acerca do culto das imagens de Cristo, da Bem-aventura Virgem e dos Santos\u201d<a href=\"https:\/\/blog.cancaonova.com\/tododemaria\/a-devocao-dos-cinco-primeiros-sabados\/#sdfootnote11sym\"><sup>11<\/sup><\/a>.<\/p>\n\n\n\n<p><strong>Assista ou ou\u00e7a programa do Padre Paulo Ricardo com o tema \u201c<a rel=\"noreferrer noopener\" href=\"https:\/\/padrepauloricardo.org\/episodios\/em-que-consiste-a-devocao-dos-cinco-primeiros-sabados-do-mes-em-honra-a-virgem-de-fatima\" target=\"_blank\">Em que consiste a devo\u00e7\u00e3o dos cinco primeiros s\u00e1bados do m\u00eas em honra \u00e0 Virgem de F\u00e1tima?<\/a>\u201d<\/strong><\/p>\n\n\n\n<figure class=\"wp-block-embed is-type-video is-provider-youtube wp-block-embed-youtube wp-embed-aspect-16-9 wp-has-aspect-ratio\"><div class=\"wp-block-embed__wrapper\">\n<iframe title=\"Em que consiste a devo\u00e7\u00e3o dos cinco primeiros s\u00e1bados do m\u00eas em honra \u00e0 Virgem de F\u00e1tima?\" width=\"1200\" height=\"675\" src=\"https:\/\/www.youtube.com\/embed\/WwAbZmpgbE8?feature=oembed\" frameborder=\"0\" allow=\"accelerometer; autoplay; clipboard-write; encrypted-media; gyroscope; picture-in-picture\" allowfullscreen><\/iframe>\n<\/div><\/figure>\n\n\n\n<p><strong>Como praticar a devo\u00e7\u00e3o dos cinco primeiros s\u00e1bados?<\/strong><\/p>\n\n\n\n<p>Para realizar perfeitamente esta devo\u00e7\u00e3o reparadora devemos fazer, durante os cinco primeiros s\u00e1bados de cinco meses seguidos, na inten\u00e7\u00e3o geral de reparar nossos pr\u00f3prios pecados e os de toda a humanidade contra o Cora\u00e7\u00e3o Imaculado de Maria, quatro atos de piedade:<\/p>\n\n\n\n<p><strong>1 \u2013 A Confiss\u00e3o:<\/strong>&nbsp;pode ser feita no primeiro s\u00e1bado ou antes, ainda que oito dias ou mais antes, se for imposs\u00edvel ou muito dif\u00edcil se confessar no dia. No entanto, lembramos que \u00e9 necess\u00e1rio estar em estado de gra\u00e7a no primeiro s\u00e1bado do m\u00eas, a fim de fazer comunh\u00e3o reparadora. Na Confiss\u00e3o, \u00e9 muito importante a inten\u00e7\u00e3o de reparar o Cora\u00e7\u00e3o Imaculado de Maria. Esta inten\u00e7\u00e3o reparadora n\u00e3o precisa ser dita ao confessor, mas apenas colocada mentalmente diante de Deus antes da Confiss\u00e3o. Nosso Senhor disse a Irm\u00e3 L\u00facia que se esquecermos da inten\u00e7\u00e3o reparadora, podemos colocar esta na Confiss\u00e3o seguinte, aproveitando a primeira ocasi\u00e3o que tivermos para nos confessar.<\/p>\n\n\n\n<p><strong>2 \u2013 O Ter\u00e7o:<\/strong>&nbsp;a tradicional ora\u00e7\u00e3o mariana do Ter\u00e7o tamb\u00e9m faz parte da devo\u00e7\u00e3o dos cinco primeiros s\u00e1bados, que deve ser rezado na inten\u00e7\u00e3o da repara\u00e7\u00e3o do Imaculado Cora\u00e7\u00e3o de Maria.<\/p>\n\n\n\n<p><strong>3 \u2013<\/strong>&nbsp;<strong>Os 15 minutos de medita\u00e7\u00e3o sobre os mist\u00e9rios do Ros\u00e1rio:<\/strong>&nbsp;Nossa Senhora pediu que fiz\u00e9ssemos companhia a ela durante pelo menos 15 minutos, meditando sobre os 15 mist\u00e9rios do Ros\u00e1rio<a href=\"https:\/\/blog.cancaonova.com\/tododemaria\/a-devocao-dos-cinco-primeiros-sabados\/#sdfootnote12sym\"><sup>12<\/sup><\/a>, em esp\u00edrito de repara\u00e7\u00e3o ao seu Imaculado Cora\u00e7\u00e3o. N\u00e3o precisamos meditar todo primeiro s\u00e1bado sobre todos os 15 mist\u00e9rios. Podemos meditar apenas um, dois, tr\u00eas ou mais mist\u00e9rios, conforme a nossa escolha pessoal. Tamb\u00e9m \u00e9 poss\u00edvel meditar os mist\u00e9rios do Ros\u00e1rio conforme o Tempo Lit\u00fargico. Por exemplo: no Tempo do Advento, podemos meditar os Mist\u00e9rios Gozosos; no Tempo da Quaresma, os Mist\u00e9rios Dolorosos; no Tempo Pascal, os Mist\u00e9rios Gloriosos; no Tempo Comum, podemos meditar aqueles Mist\u00e9rios que mais dizem respeito \u00e0 Liturgia do dia.<\/p>\n\n\n\n<p><strong>4 \u2013 A comunh\u00e3o:&nbsp;<\/strong>\u00e9 o ato essencial desta devo\u00e7\u00e3o reparadora. Para compreender bem a sua import\u00e2ncia, recordemos a devo\u00e7\u00e3o da comunh\u00e3o das nove primeiras sextas-feiras, em repara\u00e7\u00e3o das ofensas contra o Sagrado Cora\u00e7\u00e3o de Jesus, e a comunh\u00e3o milagrosa dada aos tr\u00eas Pastorinhos de F\u00e1tima, pelo Anjo da Guarda de Portugal, no outono de 1916, de car\u00e1ter eminentemente reparador, que evidencia-se na ora\u00e7\u00e3o, repetida seis vezes, tr\u00eas vezes antes e tr\u00eas vezes depois da comunh\u00e3o: \u201cSant\u00edssima Trindade, Pai, Filho e Esp\u00edrito Santo, eu vos adoro profundamente e vos ofere\u00e7o o precios\u00edssimo Corpo, Sangue, Alma e Divindade de Jesus Cristo, presente em todos os sacr\u00e1rios da Terra, em repara\u00e7\u00e3o dos ultrajes, sacril\u00e9gios e indiferen\u00e7as com que Ele mesmo \u00e9 ofendido; e pelos m\u00e9ritos infinitos de seu Sacrat\u00edssimo Cora\u00e7\u00e3o e do Imaculado Cora\u00e7\u00e3o de Maria, pe\u00e7o-vos a convers\u00e3o dos pobres pecadores\u201d<a href=\"https:\/\/blog.cancaonova.com\/tododemaria\/a-devocao-dos-cinco-primeiros-sabados\/#sdfootnote13sym\"><sup>13<\/sup><\/a>.<\/p>\n\n\n\n<p>Nessas quatro pr\u00e1ticas da devo\u00e7\u00e3o dos cinco primeiros s\u00e1bados, a inten\u00e7\u00e3o reparadora \u00e9 muito importante, especialmente na comunh\u00e3o, porque as ofensas contra o Imaculado Cora\u00e7\u00e3o de Maria tamb\u00e9m ofendem gravemente o Sacrat\u00edssimo Cora\u00e7\u00e3o de Jesus.<\/p>\n\n\n\n<p>Esta pr\u00e1tica da devo\u00e7\u00e3o reparadora como um todo pode ser tamb\u00e9m feita no domingo que segue o primeiro s\u00e1bado, desde que seja, por motivos justos, autorizado por um Padre.<\/p>\n\n\n\n<p><a rel=\"noreferrer noopener\" href=\"http:\/\/blog.cancaonova.com\/tododemaria\/files\/2015\/12\/A-devo%C3%A7%C3%A3o-dos-cinco-primeiros-s%C3%A1bados3.jpg\" target=\"_blank\"><\/a><\/p>\n\n\n\n<figure class=\"wp-block-embed is-type-video is-provider-youtube wp-block-embed-youtube wp-embed-aspect-16-9 wp-has-aspect-ratio\"><div class=\"wp-block-embed__wrapper\">\n<iframe title=\"Os cinco primeiros s\u00e1bados do m\u00eas | 5 meses |  Instituto Hesed\" width=\"1200\" height=\"675\" src=\"https:\/\/www.youtube.com\/embed\/87f98vQyVak?feature=oembed\" frameborder=\"0\" allow=\"accelerometer; autoplay; clipboard-write; encrypted-media; gyroscope; picture-in-picture\" allowfullscreen><\/iframe>\n<\/div><\/figure>\n\n\n\n<p><strong>O\u00a0poder e a efic\u00e1cia sobrenaturais da devo\u00e7\u00e3o ao Imaculado Cora\u00e7\u00e3o de Maria<\/strong><\/p>\n\n\n\n<p>Assim, a devo\u00e7\u00e3o dos cinco primeiros s\u00e1bados em repara\u00e7\u00e3o pelas ofensas cometidas contra o Imaculado Cora\u00e7\u00e3o de Maria nos foi revelada para que por ela muitas almas sejam salvas. Pois, cada vez mais em nosso tempo, multiplicam-se os ataques \u00e0 dignidade, aos privil\u00e9gios, \u00e0s honras devidas \u00e0 Virgem Maria. Al\u00e9m disso, h\u00e1 uma diminui\u00e7\u00e3o consider\u00e1vel do culto mariano em quase toda a Igreja. Sendo este o estado das coisas em nossos dias, a impiedade de muitos para com Nossa Senhora certamente deve ser inclu\u00edda na inten\u00e7\u00e3o reparadora de nossa pr\u00e1tica da devo\u00e7\u00e3o dos cinco primeiros s\u00e1bados. Dessa forma, reparemos a honra de Nossa Senhora, t\u00e3o ultrajada pela ingratid\u00e3o dos homens, atrav\u00e9s da devo\u00e7\u00e3o que ela mesma nos indicou.<\/p>\n\n\n\n<p>Em carta ao Bispo titular de Gurza, de 27 de maio de 1943, a irm\u00e3 L\u00facia nos ajuda a compreender o poder e a efic\u00e1cia sobrenaturais da devo\u00e7\u00e3o ao Imaculado Cora\u00e7\u00e3o de Maria:<\/p>\n\n\n\n<blockquote class=\"wp-block-quote is-layout-flow wp-block-quote-is-layout-flow\"><p>Os Sant\u00edssimos cora\u00e7\u00f5es de Jesus e Maria amam e desejam este culto [para com o Cora\u00e7\u00e3o de Maria] porque dele se servem para atrair todas as almas a eles e isto \u00e9 tudo o que desejam: salvar as almas, muitas almas, todas as almas. Nosso Senhor me dizia, h\u00e1 alguns dias: \u201cDesejo ardentemente a propaga\u00e7\u00e3o do culto e da devo\u00e7\u00e3o ao Cora\u00e7\u00e3o de Maria porque este Cora\u00e7\u00e3o \u00e9 o \u00edm\u00e3 que atrai as almas para mim, a fornalha que irradia na terra os raios de minha luz e de meu amor, fonte inesgot\u00e1vel de onde brota na terra a \u00e1gua viva de minha miseric\u00f3rdia\u201d<a href=\"https:\/\/blog.cancaonova.com\/tododemaria\/a-devocao-dos-cinco-primeiros-sabados\/#sdfootnote14sym\"><sup>14<\/sup><\/a>.<\/p><\/blockquote>\n\n\n\n<p>Com esta certeza, pe\u00e7amos a Virgem Maria, com insist\u00eancia e perseveran\u00e7a, as boas disposi\u00e7\u00f5es de nossa alma para bem praticar a devo\u00e7\u00e3o dos cinco primeiros s\u00e1bados. Nossa Senhora de F\u00e1tima, rogai por n\u00f3s!<\/p>\n\n\n\n<p>Natalino Ueda, escravo in\u00fatil de Jesus por Maria.<\/p>\n\n\n\n<p><strong>Links relacionados:<\/strong><\/p>\n\n\n\n<p>TODO DE MARIA.&nbsp;<a href=\"http:\/\/blog.cancaonova.com\/tododemaria\/o-desagravo-ao-imaculado-coracao-de-maria\/\" target=\"_blank\" rel=\"noreferrer noopener\">O desagravo ao Imaculado Cora\u00e7\u00e3o de Maria<\/a>.<\/p>\n\n\n\n<p>TODO DE MARIA.&nbsp;<a href=\"http:\/\/blog.cancaonova.com\/tododemaria\/o-triunfo-do-imaculado-coracao-de-maria\/\" target=\"_blank\" rel=\"noreferrer noopener\">O triunfo do Imaculado Cora\u00e7\u00e3o de Maria<\/a>.<\/p>\n\n\n\n<p><strong>Refer\u00eancias:<\/strong><\/p>\n\n\n\n<p><a href=\"https:\/\/blog.cancaonova.com\/tododemaria\/a-devocao-dos-cinco-primeiros-sabados\/#sdfootnote1anc\">1<\/a>&nbsp;CAPELA.&nbsp;<a href=\"http:\/\/www.capela.org.br\/Artigos\/convidados\/delestre1.htm#_ftnref11\" target=\"_blank\" rel=\"noreferrer noopener\">A devo\u00e7\u00e3o reparadora dos cinco primeiros s\u00e1bados do m\u00eas<\/a>.<\/p>\n\n\n\n<p><em><a href=\"https:\/\/blog.cancaonova.com\/tododemaria\/a-devocao-dos-cinco-primeiros-sabados\/#sdfootnote2anc\">2<\/a>&nbsp;Idem, ibidem.<\/em><\/p>\n\n\n\n<p><em><a href=\"https:\/\/blog.cancaonova.com\/tododemaria\/a-devocao-dos-cinco-primeiros-sabados\/#sdfootnote3anc\">3<\/a>&nbsp;Idem, ibidem.<\/em><\/p>\n\n\n\n<p><em><a href=\"https:\/\/blog.cancaonova.com\/tododemaria\/a-devocao-dos-cinco-primeiros-sabados\/#sdfootnote4anc\">4<\/a>&nbsp;Idem, ibidem.<\/em><\/p>\n\n\n\n<p><em><a href=\"https:\/\/blog.cancaonova.com\/tododemaria\/a-devocao-dos-cinco-primeiros-sabados\/#sdfootnote5anc\">5<\/a>&nbsp;Idem, ibidem.<\/em><\/p>\n\n\n\n<p><em><a href=\"https:\/\/blog.cancaonova.com\/tododemaria\/a-devocao-dos-cinco-primeiros-sabados\/#sdfootnote6anc\">6<\/a>&nbsp;Idem, ibidem.<\/em><\/p>\n\n\n\n<p><em><a href=\"https:\/\/blog.cancaonova.com\/tododemaria\/a-devocao-dos-cinco-primeiros-sabados\/#sdfootnote7anc\">7<\/a>&nbsp;Idem, ibidem.<\/em><\/p>\n\n\n\n<p><a href=\"https:\/\/blog.cancaonova.com\/tododemaria\/a-devocao-dos-cinco-primeiros-sabados\/#sdfootnote8anc\">8<\/a>&nbsp;SANTU\u00c1RIO DE F\u00c1TIMA.&nbsp;<a href=\"http:\/\/www.santuario-fatima.pt\/portal\/index.php?id=2415\" target=\"_blank\" rel=\"noreferrer noopener\">Comunh\u00e3o Reparadora nos Primeiros S\u00e1bados<\/a>.<\/p>\n\n\n\n<p><em><a href=\"https:\/\/blog.cancaonova.com\/tododemaria\/a-devocao-dos-cinco-primeiros-sabados\/#sdfootnote9anc\">9<\/a>&nbsp;Idem, ibidem.<\/em><\/p>\n\n\n\n<p><em><a href=\"https:\/\/blog.cancaonova.com\/tododemaria\/a-devocao-dos-cinco-primeiros-sabados\/#sdfootnote10anc\">10<\/a>&nbsp;Idem, ibidem.<\/em><\/p>\n\n\n\n<p><a href=\"https:\/\/blog.cancaonova.com\/tododemaria\/a-devocao-dos-cinco-primeiros-sabados\/#sdfootnote11anc\">11<\/a>&nbsp;CONC\u00cdLIO VATICANO II.&nbsp;<a href=\"http:\/\/www.vatican.va\/archive\/hist_councils\/ii_vatican_council\/documents\/vat-ii_const_19641121_lumen-gentium_po.html\" target=\"_blank\" rel=\"noreferrer noopener\">Constitui\u00e7\u00e3o Dogm\u00e1tica&nbsp;<em>Lumen Gentium<\/em><\/a>, 67.<\/p>\n\n\n\n<p><a href=\"https:\/\/blog.cancaonova.com\/tododemaria\/a-devocao-dos-cinco-primeiros-sabados\/#sdfootnote12anc\">12<\/a>&nbsp;Na \u00e9poca, o Ros\u00e1rio tinha apenas quinze mist\u00e9rios. Hoje podemos acrescentar tamb\u00e9m os cinco Mist\u00e9rios Luminosos, mas meditar estes n\u00e3o \u00e9 obrigat\u00f3rio.<\/p>\n\n\n\n<p><em><a href=\"https:\/\/blog.cancaonova.com\/tododemaria\/a-devocao-dos-cinco-primeiros-sabados\/#sdfootnote13anc\">13<\/a>&nbsp;<\/em>CAPELA.&nbsp;<em>Op. cit.<\/em><\/p>\n\n\n\n<p><em><a href=\"https:\/\/blog.cancaonova.com\/tododemaria\/a-devocao-dos-cinco-primeiros-sabados\/#sdfootnote14anc\">14<\/a>&nbsp;Idem, ibidem.<\/em><\/p>\n","protected":false},"excerpt":{"rendered":"<p>Conhe\u00e7a a devo\u00e7\u00e3o dos cinco primeiros s\u00e1bados em repara\u00e7\u00e3o dos pecados cometidos contra o Imaculado Cora\u00e7\u00e3o de Maria. A revela\u00e7\u00e3o da devo\u00e7\u00e3o dos cinco primeiros s\u00e1bados come\u00e7ou na segunda apari\u00e7\u00e3o de Nossa Senhora em F\u00e1tima, Portugal, aos tr\u00eas Pastorinhos. No dia 13 de junho de 1917, a Virgem Maria disse \u00e0 pequena L\u00facia: \u201cJesus quer&hellip;<\/p>\n","protected":false},"author":1,"featured_media":2196,"comment_status":"open","ping_status":"open","sticky":false,"template":"","format":"standard","meta":{"footnotes":""},"categories":[17],"tags":[],"class_list":["post-2195","post","type-post","status-publish","format-standard","has-post-thumbnail","hentry","category-formacoes","category-17","description-off"],"_links":{"self":[{"href":"https:\/\/comunidadefidelidade.com\/site\/wp-json\/wp\/v2\/posts\/2195","targetHints":{"allow":["GET"]}}],"collection":[{"href":"https:\/\/comunidadefidelidade.com\/site\/wp-json\/wp\/v2\/posts"}],"about":[{"href":"https:\/\/comunidadefidelidade.com\/site\/wp-json\/wp\/v2\/types\/post"}],"author":[{"embeddable":true,"href":"https:\/\/comunidadefidelidade.com\/site\/wp-json\/wp\/v2\/users\/1"}],"replies":[{"embeddable":true,"href":"https:\/\/comunidadefidelidade.com\/site\/wp-json\/wp\/v2\/comments?post=2195"}],"version-history":[{"count":3,"href":"https:\/\/comunidadefidelidade.com\/site\/wp-json\/wp\/v2\/posts\/2195\/revisions"}],"predecessor-version":[{"id":2200,"href":"https:\/\/comunidadefidelidade.com\/site\/wp-json\/wp\/v2\/posts\/2195\/revisions\/2200"}],"wp:featuredmedia":[{"embeddable":true,"href":"https:\/\/comunidadefidelidade.com\/site\/wp-json\/wp\/v2\/media\/2196"}],"wp:attachment":[{"href":"https:\/\/comunidadefidelidade.com\/site\/wp-json\/wp\/v2\/media?parent=2195"}],"wp:term":[{"taxonomy":"category","embeddable":true,"href":"https:\/\/comunidadefidelidade.com\/site\/wp-json\/wp\/v2\/categories?post=2195"},{"taxonomy":"post_tag","embeddable":true,"href":"https:\/\/comunidadefidelidade.com\/site\/wp-json\/wp\/v2\/tags?post=2195"}],"curies":[{"name":"wp","href":"https:\/\/api.w.org\/{rel}","templated":true}]}}