{"id":2751,"date":"2022-05-03T13:13:32","date_gmt":"2022-05-03T16:13:32","guid":{"rendered":"https:\/\/comunidadefidelidade.com\/site\/?p=2751"},"modified":"2022-05-03T13:13:33","modified_gmt":"2022-05-03T16:13:33","slug":"papa-na-loucura-da-guerra-cristo-volta-a-ser-crucificado","status":"publish","type":"post","link":"https:\/\/comunidadefidelidade.com\/site\/papa-na-loucura-da-guerra-cristo-volta-a-ser-crucificado\/","title":{"rendered":"Papa: na loucura da guerra, Cristo volta a ser crucificado"},"content":{"rendered":"\n<p>Na homilia da missa do Domingo de Ramos, o Papa Francisco afirma que a l\u00f3gica do \u201csalva-te a ti mesmo\u201d \u00e9 o refr\u00e3o da humanidade, que se manifesta em quem comete viol\u00eancia: \u201cCristo \u00e9 pregado na cruz mais uma vez nas m\u00e3es que choram a morte injusta de maridos e filhos. \u00c9 crucificado nos refugiados que fogem das bombas com os meninos no bra\u00e7o. \u00c9 crucificado nos idosos deixados sozinhos a morrer, nos jovens privados de futuro, nos soldados mandados a matar os seus irm\u00e3os\u201d.<\/p>\n\n\n\n<p>Depois de dois anos, a Pra\u00e7a S\u00e3o Pedro voltou a abrigar uma missa na presen\u00e7a de mais de 65 mil fi\u00e9is.<\/p>\n\n\n\n<p>O Domingo de Ramos inaugura a Semana Santa e a prociss\u00e3o que recorda a entrada triunfal de Jesus em Jerusal\u00e9m foi realizada segundo a tradi\u00e7\u00e3o, no obelisco no centro da Pra\u00e7a. O Papa Francisco ouviu a narra\u00e7\u00e3o do Evangelho de Lucas e aguardou do palco a chegada dos cardeais e bispos carregando os ramos de oliveira.<\/p>\n\n\n\n<p>\u201cSalva-te a ti mesmo\u201d, o refr\u00e3o da humanidade<\/p>\n\n\n\n<p>J\u00e1 na sua homilia, comentou o Evangelho da Paix\u00e3o do Senhor. Em especial, uma frase repetida como um refr\u00e3o: \u201cSalva-te a ti mesmo\u201d.<\/p>\n\n\n\n<p>No calv\u00e1rio, confrontam-se duas mentalidades, disse o Papa: a de Deus e a do mundo: \u201cSalvar-se a si mesmo, olhar por si mesmo, pensar em si mesmo; (\u2026) ter, poder e aparecer. Salva-te a ti mesmo \u00e9 o refr\u00e3o da humanidade, que crucificou o Senhor.\u201d<\/p>\n\n\n\n<p>Mas \u00e0 mentalidade do \u201ceu\u201d, op\u00f5e-se a de Deus; o \u201csalva-te a ti mesmo\u201d se transforma em oferecer-se a Si mesmo. Em nenhum momento, Jesus reivindica qualquer coisa para Si. Pelo contr\u00e1rio, diz: \u201cPerdoa-lhes, Pai\u201d. E pronuncia estas palavras no momento da crucifix\u00e3o, quando sente os cravos perfurar seus pulsos e p\u00e9s.<\/p>\n\n\n\n<p>\u00c9 assim que Deus procede conosco, explicou Francisco. Quando Lhe provocamos dor com as nossas a\u00e7\u00f5es, Ele sofre e o \u00fanico desejo que tem \u00e9 poder perdoar-nos. Para entender isto, \u00e9 preciso contemplar o Crucificado. \u00c9 das suas chagas que brota o perd\u00e3o.<\/p>\n\n\n\n<p>O amor aos inimigos: o mandamento mais dif\u00edcil<\/p>\n\n\n\n<p>No momento da crucifica\u00e7\u00e3o, prosseguiu o Papa, Jesus vive o seu mandamento mais dif\u00edcil: o amor aos inimigos. Jesus nos ensina a romper o c\u00edrculo vicioso do mal, mas n\u00f3s, disc\u00edpulos, \u201cseguimos o Mestre ou o nosso instinto rancoroso? Se queremos verificar a nossa perten\u00e7a a Cristo, vejamos como nos comportamos com quem nos feriu\u201d.<\/p>\n\n\n\n<p>Ao pedir perd\u00e3o ao Pai, Jesus acrescenta uma frase: \u201cporque n\u00e3o sabem o que fazem<em>\u201d<\/em>. Ele \u00e9 o nosso&nbsp;<em>advogado,&nbsp;<\/em>n\u00e3o Se coloca contra n\u00f3s, mas por n\u00f3s contra o nosso pecado. \u201cN\u00e3o sabem o que fazem\u201d quem usa a viol\u00eancia, quem comete absurdas crueldades.<\/p>\n\n\n\n<p><em>\u201cVemo-lo na loucura da guerra, onde se torna a crucificar Cristo. Sim, Cristo \u00e9 pregado na cruz mais uma vez nas m\u00e3es que choram a morte injusta de maridos e filhos. \u00c9 crucificado nos refugiados que fogem das bombas com os meninos no bra\u00e7o. \u00c9 crucificado nos idosos deixados sozinhos a morrer, nos jovens privados de futuro, nos soldados mandados a matar os seus irm\u00e3os.\u201d<\/em><\/p>\n\n\n\n<p>O Papa concluiu convidando os fi\u00e9is, nesta Semana Santa, a se abrirem \u00e0 certeza de que Deus pode perdoar todo pecado, \u00e0 certeza de que, com Jesus, h\u00e1 sempre lugar para mais um.<\/p>\n\n\n\n<p>\u201cNunca \u00e9 tarde demais; com Deus, sempre se pode voltar a viver. Coragem! Caminhemos para a P\u00e1scoa com o seu perd\u00e3o. Porque Cristo intercede continuamente por n\u00f3s junto do Pai (cf.&nbsp;<em>Heb<\/em>&nbsp;7, 25) e, olhando para o nosso mundo violento e ferido, n\u00e3o Se cansa de repetir:&nbsp;<em>Perdoa-lhes, Pai, porque n\u00e3o sabem o que fazem<\/em>.\u201d<\/p>\n\n\n\n<p><strong>Fonte:<\/strong>&nbsp;Vaticanews<\/p>\n","protected":false},"excerpt":{"rendered":"<p>Na homilia da missa do Domingo de Ramos, o Papa Francisco afirma que a l\u00f3gica do \u201csalva-te a ti mesmo\u201d \u00e9 o refr\u00e3o da humanidade, que se manifesta em quem comete viol\u00eancia: \u201cCristo \u00e9 pregado na cruz mais uma vez nas m\u00e3es que choram a morte injusta de maridos e filhos. \u00c9 crucificado nos refugiados&hellip;<\/p>\n","protected":false},"author":1,"featured_media":2752,"comment_status":"open","ping_status":"open","sticky":false,"template":"","format":"standard","meta":{"footnotes":""},"categories":[22],"tags":[],"class_list":["post-2751","post","type-post","status-publish","format-standard","has-post-thumbnail","hentry","category-igreja","category-22","description-off"],"_links":{"self":[{"href":"https:\/\/comunidadefidelidade.com\/site\/wp-json\/wp\/v2\/posts\/2751","targetHints":{"allow":["GET"]}}],"collection":[{"href":"https:\/\/comunidadefidelidade.com\/site\/wp-json\/wp\/v2\/posts"}],"about":[{"href":"https:\/\/comunidadefidelidade.com\/site\/wp-json\/wp\/v2\/types\/post"}],"author":[{"embeddable":true,"href":"https:\/\/comunidadefidelidade.com\/site\/wp-json\/wp\/v2\/users\/1"}],"replies":[{"embeddable":true,"href":"https:\/\/comunidadefidelidade.com\/site\/wp-json\/wp\/v2\/comments?post=2751"}],"version-history":[{"count":1,"href":"https:\/\/comunidadefidelidade.com\/site\/wp-json\/wp\/v2\/posts\/2751\/revisions"}],"predecessor-version":[{"id":2753,"href":"https:\/\/comunidadefidelidade.com\/site\/wp-json\/wp\/v2\/posts\/2751\/revisions\/2753"}],"wp:featuredmedia":[{"embeddable":true,"href":"https:\/\/comunidadefidelidade.com\/site\/wp-json\/wp\/v2\/media\/2752"}],"wp:attachment":[{"href":"https:\/\/comunidadefidelidade.com\/site\/wp-json\/wp\/v2\/media?parent=2751"}],"wp:term":[{"taxonomy":"category","embeddable":true,"href":"https:\/\/comunidadefidelidade.com\/site\/wp-json\/wp\/v2\/categories?post=2751"},{"taxonomy":"post_tag","embeddable":true,"href":"https:\/\/comunidadefidelidade.com\/site\/wp-json\/wp\/v2\/tags?post=2751"}],"curies":[{"name":"wp","href":"https:\/\/api.w.org\/{rel}","templated":true}]}}