{"id":2897,"date":"2022-07-26T16:41:37","date_gmt":"2022-07-26T19:41:37","guid":{"rendered":"https:\/\/comunidadefidelidade.com\/site\/?p=2897"},"modified":"2022-07-26T16:57:05","modified_gmt":"2022-07-26T19:57:05","slug":"catequese-infantil","status":"publish","type":"post","link":"https:\/\/comunidadefidelidade.com\/site\/catequese-infantil\/","title":{"rendered":"Catequese Infantil"},"content":{"rendered":"\n<p>A catequese \u00e9 a educa\u00e7\u00e3o da f\u00e9 cat\u00f3lica e ao contr\u00e1rio do que muitos pensam, ela n\u00e3o se limita a \u201cdar catecismo\u201d para a Primeira Eucaristia das crian\u00e7as. A catequese pode ser feita a qualquer momento da vida, e por pessoas em qualquer faixa et\u00e1ria. Cada qual se encaixando numa proposta diferente.<\/p>\n\n\n\n<p>A Comunidade Fidelidade realiza com as crian\u00e7as de nossas fam\u00edlias o que a Igreja prop\u00f5e,  que se fa\u00e7a uma determinada caminhada. Ainda quando crian\u00e7a o curso de catequese para Primeira Eucaristia, que prepara os pequenos para receber o corpo de Cristo e entender com mais profundidade a religi\u00e3o cat\u00f3lica, os sacramentos, enfim, a doutrina como um todo. Depois de realizada a forma\u00e7\u00e3o adequada as crian\u00e7as recebem a primeira comunh\u00e3o. <\/p>\n\n\n\n<p>Por meio da catequese temos a chance de conhecer, verdadeiramente, a doutrina cat\u00f3lica. Nos permitimos \u00e0 a\u00e7\u00e3o do Esp\u00edrito Santo e nos abrimos aos sacramentos, damos nosso sim para a a\u00e7\u00e3o de Deus em n\u00f3s.<\/p>\n\n\n\n<p>E estarmos abertos aos sacramentos \u00e9 essencial para nos mantermos pr\u00f3ximos a Deus. Afinal, o dia a dia na luta contra o pecado e as tenta\u00e7\u00f5es do mundo \u00e9 \u00e1rduo, por que ent\u00e3o n\u00e3o nos fortalecermos e abastecermos por meio dos sacramentos que Deus nos deu?<\/p>\n\n\n\n<p>Deus nos oferece sete sacramentos, que est\u00e3o \u00e0 nossa disposi\u00e7\u00e3o para que por meio deles alcancemos a salva\u00e7\u00e3o e a vida eterna. S\u00e3o eles: Batismo, Eucaristia, Crisma, Confiss\u00e3o, Matrim\u00f4nio, Ordem e Un\u00e7\u00e3o dos enfermos. E cada um deles foi institu\u00eddo a partir de diversas manifesta\u00e7\u00f5es de Deus Pai, Filho e Esp\u00edrito Santo, estas podem ser estudadas justamente na catequese.<\/p>\n\n\n\n<p>Al\u00e9m de construirmos e buscarmos edificar e alimentar sempre mais a nossa f\u00e9, \u00e9 imprescind\u00edvel que a passemos \u00e0s crian\u00e7as.<\/p>\n\n\n\n<p>J\u00e1 dizia S\u00e3o Paulo que a f\u00e9 entra pelo ouvido.<\/p>\n\n\n\n<p>\u201cLogo, a f\u00e9 prov\u00e9m da prega\u00e7\u00e3o e a prega\u00e7\u00e3o se exerce em raz\u00e3o da Palavra de Cristo\u201d (Rm 10,17).<\/p>\n\n\n\n<p>Ent\u00e3o, quando os pais abra\u00e7am essa miss\u00e3o designada a eles no dia do Matrim\u00f4nio, de educar seus filhos na f\u00e9 cat\u00f3lica, os valores, consequentemente, passam a ser fundamentados tamb\u00e9m nesta mesma doutrina.<\/p>\n\n\n\n<p>Muito se fala sobre permitir que os filhos escolham suas religi\u00f5es, que se d\u00ea essa liberdade para que sigam o que quiserem acreditar. No entanto, \u00e9 preciso analisar, que os pais, geralmente buscam oferecer o que de melhor podem aos filhos. Isso se d\u00e1 em rela\u00e7\u00e3o \u00e0 escolha da escola, das roupas, dos alimentos\u2026 \u00c9 natural que os pais deem aos filhos o que consideram melhor dentro de sua realidade. Como ent\u00e3o com a f\u00e9 poderia ser diferente?<\/p>\n\n\n\n<figure class=\"wp-block-image size-full\"><img fetchpriority=\"high\" decoding=\"async\" width=\"536\" height=\"322\" src=\"https:\/\/comunidadefidelidade.com\/site\/wp-content\/uploads\/2022\/07\/1KjCxom.png\" alt=\"\" class=\"wp-image-2899\" srcset=\"https:\/\/comunidadefidelidade.com\/site\/wp-content\/uploads\/2022\/07\/1KjCxom.png 536w, https:\/\/comunidadefidelidade.com\/site\/wp-content\/uploads\/2022\/07\/1KjCxom-300x180.png 300w\" sizes=\"(max-width: 536px) 100vw, 536px\" \/><\/figure>\n\n\n\n<p>Se cremos na religi\u00e3o cat\u00f3lica como a verdadeira e \u00fanica Igreja institu\u00edda pelo pr\u00f3prio Cristo, cremos na doutrina. Como pais temos a responsabilidade de repassar esses valores aos filhos a fim de conduzi-los tamb\u00e9m \u00e0 salva\u00e7\u00e3o. E claro, se quando eles crescerem n\u00e3o concordarem em seguir o catolicismo, ningu\u00e9m tem como interferir no livre arb\u00edtrio, mas, no que diz respeito \u00e0 educa\u00e7\u00e3o recebida pelos pais, desde pequenos, \u00e9 necess\u00e1rio ser coerente com o que se cr\u00ea.<\/p>\n\n\n\n<p>A fim de se aprofundar e se manter ativo, al\u00e9m dos estudos de catequese para Primeira Eucaristia e Crisma, h\u00e1 ainda na Igreja algumas outras modalidades que podem ser encontradas em diversas par\u00f3quias, como por exemplo: escola da f\u00e9, reinicia\u00e7\u00e3o crist\u00e3, catequese de perseveran\u00e7a, forma\u00e7\u00e3o\u2026<\/p>\n\n\n\n<p>Todas estas op\u00e7\u00f5es s\u00e3o formas de estudar, se aprofundar biblicamente, relembrar, manter-se em contato com a doutrina, o entendimento pleno dela, enfim\u2026 ter uma aproxima\u00e7\u00e3o teol\u00f3gica constante.<\/p>\n\n\n\n<p>Estudar e se apropriar do embasamento religioso s\u00f3 contribui para o fortalecimento espiritual, a aproxima\u00e7\u00e3o de Deus, a santidade e, por fim, a t\u00e3o desejada salva\u00e7\u00e3o em busca da vida eterna.<\/p>\n\n\n\n<figure class=\"wp-block-image size-large\"><img decoding=\"async\" width=\"1024\" height=\"1024\" src=\"https:\/\/comunidadefidelidade.com\/site\/wp-content\/uploads\/2022\/07\/catequese-1024x1024.png\" alt=\"\" class=\"wp-image-2898\" srcset=\"https:\/\/comunidadefidelidade.com\/site\/wp-content\/uploads\/2022\/07\/catequese-1024x1024.png 1024w, https:\/\/comunidadefidelidade.com\/site\/wp-content\/uploads\/2022\/07\/catequese-300x300.png 300w, https:\/\/comunidadefidelidade.com\/site\/wp-content\/uploads\/2022\/07\/catequese-150x150.png 150w, https:\/\/comunidadefidelidade.com\/site\/wp-content\/uploads\/2022\/07\/catequese-768x768.png 768w, https:\/\/comunidadefidelidade.com\/site\/wp-content\/uploads\/2022\/07\/catequese.png 1080w\" sizes=\"(max-width: 1024px) 100vw, 1024px\" \/><\/figure>\n","protected":false},"excerpt":{"rendered":"<p>A catequese \u00e9 a educa\u00e7\u00e3o da f\u00e9 cat\u00f3lica e ao contr\u00e1rio do que muitos pensam, ela n\u00e3o se limita a \u201cdar catecismo\u201d para a Primeira Eucaristia das crian\u00e7as. A catequese pode ser feita a qualquer momento da vida, e por pessoas em qualquer faixa et\u00e1ria. Cada qual se encaixando numa proposta diferente. A Comunidade Fidelidade&hellip;<\/p>\n","protected":false},"author":1,"featured_media":2898,"comment_status":"open","ping_status":"open","sticky":false,"template":"","format":"standard","meta":{"footnotes":""},"categories":[28],"tags":[],"class_list":["post-2897","post","type-post","status-publish","format-standard","has-post-thumbnail","hentry","category-missao","category-28","description-off"],"_links":{"self":[{"href":"https:\/\/comunidadefidelidade.com\/site\/wp-json\/wp\/v2\/posts\/2897","targetHints":{"allow":["GET"]}}],"collection":[{"href":"https:\/\/comunidadefidelidade.com\/site\/wp-json\/wp\/v2\/posts"}],"about":[{"href":"https:\/\/comunidadefidelidade.com\/site\/wp-json\/wp\/v2\/types\/post"}],"author":[{"embeddable":true,"href":"https:\/\/comunidadefidelidade.com\/site\/wp-json\/wp\/v2\/users\/1"}],"replies":[{"embeddable":true,"href":"https:\/\/comunidadefidelidade.com\/site\/wp-json\/wp\/v2\/comments?post=2897"}],"version-history":[{"count":2,"href":"https:\/\/comunidadefidelidade.com\/site\/wp-json\/wp\/v2\/posts\/2897\/revisions"}],"predecessor-version":[{"id":2901,"href":"https:\/\/comunidadefidelidade.com\/site\/wp-json\/wp\/v2\/posts\/2897\/revisions\/2901"}],"wp:featuredmedia":[{"embeddable":true,"href":"https:\/\/comunidadefidelidade.com\/site\/wp-json\/wp\/v2\/media\/2898"}],"wp:attachment":[{"href":"https:\/\/comunidadefidelidade.com\/site\/wp-json\/wp\/v2\/media?parent=2897"}],"wp:term":[{"taxonomy":"category","embeddable":true,"href":"https:\/\/comunidadefidelidade.com\/site\/wp-json\/wp\/v2\/categories?post=2897"},{"taxonomy":"post_tag","embeddable":true,"href":"https:\/\/comunidadefidelidade.com\/site\/wp-json\/wp\/v2\/tags?post=2897"}],"curies":[{"name":"wp","href":"https:\/\/api.w.org\/{rel}","templated":true}]}}