{"id":2923,"date":"2022-07-27T11:21:16","date_gmt":"2022-07-27T14:21:16","guid":{"rendered":"https:\/\/comunidadefidelidade.com\/site\/?p=2923"},"modified":"2022-07-27T11:25:31","modified_gmt":"2022-07-27T14:25:31","slug":"o-fundador","status":"publish","type":"post","link":"https:\/\/comunidadefidelidade.com\/site\/o-fundador\/","title":{"rendered":"O FUNDADOR"},"content":{"rendered":"\n<p>O que recebeu o chamado do Senhor, a inspira\u00e7\u00e3o do Carisma e idealizou a Comunidade Fidelidade para desenvolv\u00ea-lo. \u00c9 o Fundador e Coordenador Geral o Prof. Daniel Tadeu de Oliveira, nascido em 28 de outubro de 1974 em S\u00e3o Bernardo do Campo, S\u00e3o Paulo. Filho mais velho da Sr<sup>a<\/sup>. Ana Isabel Vinturini de Oliveira e do Sr. Irineu de Oliveira. Casado com Ang\u00e9lica Alves, cofundadora hist\u00f3rica da Comunidade desde 1995 e pais de tr\u00eas filhos.<\/p>\n\n\n\n<p>Daniel formou-se em mec\u00e2nica geral, onde trabalhou por muitos anos, depois pela necessidade formou-se computa\u00e7\u00e3o com enfase em matem\u00e1tica e posteriormente Teologia e Filosofia. \u00c9 p\u00f3s graduado em Metodologia do Ensino Religioso e Capelania e Aconselhamento Crist\u00e3o.&nbsp;<\/p>\n\n\n\n<p>Trabalha na \u00e1rea de TI e ministra cursos de forma\u00e7\u00e3o crist\u00e3 e Doutrina Cat\u00f3lica, tamb\u00e9m \u00e9 consultor da ag\u00eancia Cat\u00f3licos em C\u00e9lulas e atual secret\u00e1rio da Frater das Novas Comunidades na Diocese de Santo Andr\u00e9.<\/p>\n\n\n\n<p>Autor do Livro Faz-me Fiel, onde retrata a Vida Vocacional e testemunhos colhidos nos mais de 20 Anos de miss\u00e3o.<\/p>\n\n\n\n<figure class=\"wp-block-image size-full\"><img fetchpriority=\"high\" decoding=\"async\" width=\"1024\" height=\"637\" src=\"https:\/\/comunidadefidelidade.com\/site\/wp-content\/uploads\/2022\/07\/danielpedroangel.jpg\" alt=\"\" class=\"wp-image-2926\" srcset=\"https:\/\/comunidadefidelidade.com\/site\/wp-content\/uploads\/2022\/07\/danielpedroangel.jpg 1024w, https:\/\/comunidadefidelidade.com\/site\/wp-content\/uploads\/2022\/07\/danielpedroangel-300x187.jpg 300w, https:\/\/comunidadefidelidade.com\/site\/wp-content\/uploads\/2022\/07\/danielpedroangel-768x478.jpg 768w\" sizes=\"(max-width: 1024px) 100vw, 1024px\" \/><figcaption>Daniel Oliveira &#8211; Dom Pedro Carlos Cipollini &#8211; Ang\u00e9lica Oliveira<\/figcaption><\/figure>\n\n\n\n<p>Veja neste v\u00eddeo um pouquinho do testemunho de sua voca\u00e7\u00e3o pessoal e na Comunidade que foi gravado para o Ano Vocacional Diocesano na Diocese de Santo Andr\u00e9 no ano de 2020. Tamb\u00e9m por ocasi\u00e3o dos 20 anos de comunidade. <\/p>\n\n\n\n<figure class=\"wp-block-embed is-type-video is-provider-youtube wp-block-embed-youtube wp-embed-aspect-16-9 wp-has-aspect-ratio\"><div class=\"wp-block-embed__wrapper\">\n<iframe title=\"Voca\u00e7\u00e3o Fidelidade\" width=\"1200\" height=\"675\" src=\"https:\/\/www.youtube.com\/embed\/5mMSt1OT22Y?feature=oembed\" frameborder=\"0\" allow=\"accelerometer; autoplay; clipboard-write; encrypted-media; gyroscope; picture-in-picture\" allowfullscreen><\/iframe>\n<\/div><\/figure>\n\n\n\n<figure class=\"wp-block-image size-large\"><img decoding=\"async\" width=\"1024\" height=\"1024\" src=\"https:\/\/comunidadefidelidade.com\/site\/wp-content\/uploads\/2022\/07\/FundadorDaniel-1024x1024.png\" alt=\"\" class=\"wp-image-2925\" srcset=\"https:\/\/comunidadefidelidade.com\/site\/wp-content\/uploads\/2022\/07\/FundadorDaniel-1024x1024.png 1024w, https:\/\/comunidadefidelidade.com\/site\/wp-content\/uploads\/2022\/07\/FundadorDaniel-300x300.png 300w, https:\/\/comunidadefidelidade.com\/site\/wp-content\/uploads\/2022\/07\/FundadorDaniel-150x150.png 150w, https:\/\/comunidadefidelidade.com\/site\/wp-content\/uploads\/2022\/07\/FundadorDaniel-768x768.png 768w, https:\/\/comunidadefidelidade.com\/site\/wp-content\/uploads\/2022\/07\/FundadorDaniel.png 1080w\" sizes=\"(max-width: 1024px) 100vw, 1024px\" \/><\/figure>\n","protected":false},"excerpt":{"rendered":"<p>O que recebeu o chamado do Senhor, a inspira\u00e7\u00e3o do Carisma e idealizou a Comunidade Fidelidade para desenvolv\u00ea-lo. \u00c9 o Fundador e Coordenador Geral o Prof. Daniel Tadeu de Oliveira, nascido em 28 de outubro de 1974 em S\u00e3o Bernardo do Campo, S\u00e3o Paulo. Filho mais velho da Sra. Ana Isabel Vinturini de Oliveira e&hellip;<\/p>\n","protected":false},"author":1,"featured_media":2925,"comment_status":"open","ping_status":"open","sticky":false,"template":"","format":"standard","meta":{"footnotes":""},"categories":[15],"tags":[],"class_list":["post-2923","post","type-post","status-publish","format-standard","has-post-thumbnail","hentry","category-noticias","category-15","description-off"],"_links":{"self":[{"href":"https:\/\/comunidadefidelidade.com\/site\/wp-json\/wp\/v2\/posts\/2923","targetHints":{"allow":["GET"]}}],"collection":[{"href":"https:\/\/comunidadefidelidade.com\/site\/wp-json\/wp\/v2\/posts"}],"about":[{"href":"https:\/\/comunidadefidelidade.com\/site\/wp-json\/wp\/v2\/types\/post"}],"author":[{"embeddable":true,"href":"https:\/\/comunidadefidelidade.com\/site\/wp-json\/wp\/v2\/users\/1"}],"replies":[{"embeddable":true,"href":"https:\/\/comunidadefidelidade.com\/site\/wp-json\/wp\/v2\/comments?post=2923"}],"version-history":[{"count":2,"href":"https:\/\/comunidadefidelidade.com\/site\/wp-json\/wp\/v2\/posts\/2923\/revisions"}],"predecessor-version":[{"id":2930,"href":"https:\/\/comunidadefidelidade.com\/site\/wp-json\/wp\/v2\/posts\/2923\/revisions\/2930"}],"wp:featuredmedia":[{"embeddable":true,"href":"https:\/\/comunidadefidelidade.com\/site\/wp-json\/wp\/v2\/media\/2925"}],"wp:attachment":[{"href":"https:\/\/comunidadefidelidade.com\/site\/wp-json\/wp\/v2\/media?parent=2923"}],"wp:term":[{"taxonomy":"category","embeddable":true,"href":"https:\/\/comunidadefidelidade.com\/site\/wp-json\/wp\/v2\/categories?post=2923"},{"taxonomy":"post_tag","embeddable":true,"href":"https:\/\/comunidadefidelidade.com\/site\/wp-json\/wp\/v2\/tags?post=2923"}],"curies":[{"name":"wp","href":"https:\/\/api.w.org\/{rel}","templated":true}]}}