{"id":2968,"date":"2019-08-04T14:45:00","date_gmt":"2019-08-04T17:45:00","guid":{"rendered":"https:\/\/comunidadefidelidade.com\/site\/?p=2968"},"modified":"2022-07-27T16:56:20","modified_gmt":"2022-07-27T19:56:20","slug":"capela-n-s-das-gracas","status":"publish","type":"post","link":"https:\/\/comunidadefidelidade.com\/site\/capela-n-s-das-gracas\/","title":{"rendered":"Capela N. S das Gra\u00e7as"},"content":{"rendered":"\n<p>A Capela Nossa Senhora das Gra\u00e7as esta situada em nossa Sede no Bairro Batistini &#8211; SBC. Um lugar de Adora\u00e7\u00e3o e escuta do Senhor. Na Capela temos a presen\u00e7a permanente do Sant\u00edssimo Sacramento no Sacr\u00e1rio com a permiss\u00e3o de nosso Bispo Diocesano. <\/p>\n\n\n\n<p>Todas as quintas s\u00e3o feitas adora\u00e7\u00e3o e as sextas intercess\u00e3o e tamb\u00e9m em outros hor\u00e1rios conforme a necessidade. <\/p>\n\n\n\n<p>Prot. 2212\/35 \u2013 4\/8\/2019: Concedemos a permiss\u00e3o para conservar o Sant\u00edssimo Sacramento em capela particular, na Casa da \u201cComunidade Cat\u00f3lica Fidelidade\u201d (Casa de Miss\u00e3o S\u00e3o Bento), enquanto ali funcionar as atividades da comunidade ou at\u00e9 quando de minha parte n\u00e3o se ordenar o contr\u00e1rio.<\/p>\n\n\n\n<figure class=\"wp-block-image size-large\"><img fetchpriority=\"high\" decoding=\"async\" width=\"1024\" height=\"1024\" src=\"https:\/\/comunidadefidelidade.com\/site\/wp-content\/uploads\/2022\/07\/Capela-1024x1024.png\" alt=\"\" class=\"wp-image-2969\" srcset=\"https:\/\/comunidadefidelidade.com\/site\/wp-content\/uploads\/2022\/07\/Capela-1024x1024.png 1024w, https:\/\/comunidadefidelidade.com\/site\/wp-content\/uploads\/2022\/07\/Capela-300x300.png 300w, https:\/\/comunidadefidelidade.com\/site\/wp-content\/uploads\/2022\/07\/Capela-150x150.png 150w, https:\/\/comunidadefidelidade.com\/site\/wp-content\/uploads\/2022\/07\/Capela-768x768.png 768w, https:\/\/comunidadefidelidade.com\/site\/wp-content\/uploads\/2022\/07\/Capela.png 1080w\" sizes=\"(max-width: 1024px) 100vw, 1024px\" \/><\/figure>\n\n\n\n<figure class=\"wp-block-image size-large\"><img decoding=\"async\" width=\"768\" height=\"1024\" src=\"https:\/\/comunidadefidelidade.com\/site\/wp-content\/uploads\/2022\/07\/20190906_111437-768x1024.jpg\" alt=\"\" class=\"wp-image-2979\" srcset=\"https:\/\/comunidadefidelidade.com\/site\/wp-content\/uploads\/2022\/07\/20190906_111437-768x1024.jpg 768w, https:\/\/comunidadefidelidade.com\/site\/wp-content\/uploads\/2022\/07\/20190906_111437-225x300.jpg 225w, https:\/\/comunidadefidelidade.com\/site\/wp-content\/uploads\/2022\/07\/20190906_111437-300x400.jpg 300w, https:\/\/comunidadefidelidade.com\/site\/wp-content\/uploads\/2022\/07\/20190906_111437-1152x1536.jpg 1152w, https:\/\/comunidadefidelidade.com\/site\/wp-content\/uploads\/2022\/07\/20190906_111437-1536x2048.jpg 1536w, https:\/\/comunidadefidelidade.com\/site\/wp-content\/uploads\/2022\/07\/20190906_111437.jpg 1908w\" sizes=\"(max-width: 768px) 100vw, 768px\" \/><\/figure>\n","protected":false},"excerpt":{"rendered":"<p>A Capela Nossa Senhora das Gra\u00e7as esta situada em nossa Sede no Bairro Batistini &#8211; SBC. Um lugar de Adora\u00e7\u00e3o e escuta do Senhor. Na Capela temos a presen\u00e7a permanente do Sant\u00edssimo Sacramento no Sacr\u00e1rio com a permiss\u00e3o de nosso Bispo Diocesano. Todas as quintas s\u00e3o feitas adora\u00e7\u00e3o e as sextas intercess\u00e3o e tamb\u00e9m em&hellip;<\/p>\n","protected":false},"author":1,"featured_media":2969,"comment_status":"open","ping_status":"open","sticky":false,"template":"","format":"standard","meta":{"footnotes":""},"categories":[15],"tags":[],"class_list":["post-2968","post","type-post","status-publish","format-standard","has-post-thumbnail","hentry","category-noticias","category-15","description-off"],"_links":{"self":[{"href":"https:\/\/comunidadefidelidade.com\/site\/wp-json\/wp\/v2\/posts\/2968","targetHints":{"allow":["GET"]}}],"collection":[{"href":"https:\/\/comunidadefidelidade.com\/site\/wp-json\/wp\/v2\/posts"}],"about":[{"href":"https:\/\/comunidadefidelidade.com\/site\/wp-json\/wp\/v2\/types\/post"}],"author":[{"embeddable":true,"href":"https:\/\/comunidadefidelidade.com\/site\/wp-json\/wp\/v2\/users\/1"}],"replies":[{"embeddable":true,"href":"https:\/\/comunidadefidelidade.com\/site\/wp-json\/wp\/v2\/comments?post=2968"}],"version-history":[{"count":2,"href":"https:\/\/comunidadefidelidade.com\/site\/wp-json\/wp\/v2\/posts\/2968\/revisions"}],"predecessor-version":[{"id":2981,"href":"https:\/\/comunidadefidelidade.com\/site\/wp-json\/wp\/v2\/posts\/2968\/revisions\/2981"}],"wp:featuredmedia":[{"embeddable":true,"href":"https:\/\/comunidadefidelidade.com\/site\/wp-json\/wp\/v2\/media\/2969"}],"wp:attachment":[{"href":"https:\/\/comunidadefidelidade.com\/site\/wp-json\/wp\/v2\/media?parent=2968"}],"wp:term":[{"taxonomy":"category","embeddable":true,"href":"https:\/\/comunidadefidelidade.com\/site\/wp-json\/wp\/v2\/categories?post=2968"},{"taxonomy":"post_tag","embeddable":true,"href":"https:\/\/comunidadefidelidade.com\/site\/wp-json\/wp\/v2\/tags?post=2968"}],"curies":[{"name":"wp","href":"https:\/\/api.w.org\/{rel}","templated":true}]}}