{"id":3044,"date":"2022-08-02T16:34:09","date_gmt":"2022-08-02T19:34:09","guid":{"rendered":"https:\/\/comunidadefidelidade.com\/site\/?p=3044"},"modified":"2022-08-02T16:34:11","modified_gmt":"2022-08-02T19:34:11","slug":"quais-sao-as-atitudes-fundamentais-do-cristao-diante-da-morte-e-do-fim-do-mundo","status":"publish","type":"post","link":"https:\/\/comunidadefidelidade.com\/site\/quais-sao-as-atitudes-fundamentais-do-cristao-diante-da-morte-e-do-fim-do-mundo\/","title":{"rendered":"Quais s\u00e3o as atitudes fundamentais do crist\u00e3o diante da morte e do fim do mundo?"},"content":{"rendered":"\n<p>A&nbsp;<strong>primeira atitude<\/strong>&nbsp;\u00e9 a certeza de que Jesus ressuscitou, est\u00e1 com o Pai, e precisamente assim est\u00e1 conosco. Por isso temos a certeza, somos libertados do receio. Era este um efeito essencial da prega\u00e7\u00e3o crist\u00e3. O medo dos esp\u00edritos, das divindades, estava difundido em todo o mundo antigo. E tamb\u00e9m hoje os mission\u00e1rios encontram nas religi\u00f5es naturais o medo dos esp\u00edritos, dos poderes nefastos que nos amea\u00e7am. Cristo vive, venceu a morte e venceu todos os poderes. Vivemos com esta certeza, com esta liberdade, com esta alegria. \u00c9 este o primeiro aspecto do nosso viver em rela\u00e7\u00e3o ao futuro.<\/p>\n\n\n\n<p>Em&nbsp;<strong>segundo lugar<\/strong>, a certeza que Cristo est\u00e1 comigo. E como em Cristo o mundo futuro j\u00e1 come\u00e7ou, isto d\u00e1 tamb\u00e9m a certeza da esperan\u00e7a. O futuro n\u00e3o \u00e9 uma escurid\u00e3o na qual ningu\u00e9m se orienta. O crist\u00e3o sabe que a luz de Cristo \u00e9 mais forte e por isso vive numa esperan\u00e7a n\u00e3o vaga, numa esperan\u00e7a que d\u00e1 certeza e coragem para enfrentar o futuro.<\/p>\n\n\n\n<p>Por fim, a&nbsp;<strong>terceira atitude,<\/strong>&nbsp;o Juiz que volta \u00e9, ao mesmo tempo, Juiz e Salvador, deixou-nos o compromisso de viver neste mundo segundo o seu modo de viver. Confiou-nos os seus talentos. Por isso, a nossa terceira atitude \u00e9: responsabilidade diante de Cristo e certeza da sua miseric\u00f3rdia. As duas coisas s\u00e3o importantes. N\u00e3o vivamos como se o bem e o mal fossem iguais, porque Deus s\u00f3 pode ser misericordioso. Isto seria um engano. Na realidade, vivemos numa grande responsabilidade. Temos os talentos, somos encarregados de trabalhar para que este mundo se abra a Cristo, seja renovado. Mas, mesmo trabalhando e sabendo na nossa responsabilidade que Deus \u00e9 juiz verdadeiro, temos tamb\u00e9m a certeza de que este juiz \u00e9 bom, conhecemos o seu rosto, o rosto de Cristo ressuscitado, de Cristo crucificado por n\u00f3s. Por isso podemos ter a certeza da sua bondade e ir em frente com muita coragem.<\/p>\n\n\n\n<p>Por fim, um&nbsp;<strong>\u00faltimo aspecto<\/strong>&nbsp;que talvez pare\u00e7a dif\u00edcil para n\u00f3s. S\u00e3o Paulo na conclus\u00e3o da sua primeira&nbsp;&nbsp;Carta aos Cor\u00edntios&nbsp; repete e coloca nos l\u00e1bios tamb\u00e9m dos Cor\u00edntios uma ora\u00e7\u00e3o que surgiu nas primeiras comunidades crist\u00e3s da \u00e1rea da Palestina:<em>&nbsp;Maran\u00e1, th\u00e1!<\/em>,&nbsp; que literalmente significa&nbsp;<em>\u201cVinde, Senhor Jesus!\u201d<\/em>&nbsp;(16, 22). Era a ora\u00e7\u00e3o da primeira cristandade, e tamb\u00e9m o \u00faltimo livro do Novo Testamento, o Apocalipse, termina com esta ora\u00e7\u00e3o:&nbsp;&nbsp;&nbsp;<em>\u201cVinde, Senhor!\u201d.<\/em>&nbsp;Podemos, tamb\u00e9m n\u00f3s, rezar assim? Parece-me que para n\u00f3s hoje, na nossa vida, no nosso mundo, \u00e9 dif\u00edcil rezar sinceramente para que este mundo pere\u00e7a, para que venha a nova Jerusal\u00e9m, para que cheguem o ju\u00edzo derradeiro e o juiz, Cristo. Penso que se n\u00f3s n\u00e3o ousarmos rezar assim, sinceramente por muitos motivos, contudo de modo justo e correto podemos tamb\u00e9m n\u00f3s dizer, com a primeira cristandade:&nbsp;<em>\u201cVinde, Senhor Jesus!\u201d<\/em>. Certamente n\u00e3o queremos que venha agora o fim do mundo. Mas, por outro lado, tamb\u00e9m queremos que termine este mundo injusto. Queremos tamb\u00e9m n\u00f3s que o mundo seja fundamentalmente mudado, que comece a civiliza\u00e7\u00e3o do amor, que venha um mundo de justi\u00e7a, de paz, sem viol\u00eancia, sem fome. Queremos tudo isso: e como poderia acontecer sem a presen\u00e7a de Cristo? Sem a presen\u00e7a de Cristo nunca chegar\u00e1 um mundo realmente justo e renovado. E tamb\u00e9m se de outra forma, totalmente e em profundidade, podemos e devemos dizer tamb\u00e9m n\u00f3s, com grande urg\u00eancia e nas circunst\u00e2ncias do nosso tempo:&nbsp;&nbsp;<em>Vinde, Senhor Jesus!<\/em>&nbsp;<em>Vinde ao vosso modo, da maneira que conheceis. Vinde onde h\u00e1 injusti\u00e7a e viol\u00eancia. Vinde onde domina a droga. Vinde tamb\u00e9m entre aqueles ricos que vos esqueceram, que vivem s\u00f3 para si mesmos. Vinde onde sois desconhecido. Vinde \u00e0 vossa maneira e renovai o mundo de hoje. Vinde tamb\u00e9m aos nossos cora\u00e7\u00f5es, vinde e renovai o nosso viver, vinde ao nosso cora\u00e7\u00e3o para que n\u00f3s pr\u00f3prios possamos tornar-nos luz de Deus, vossa presen\u00e7a.<\/em>&nbsp;Neste sentido, rezemos com S\u00e3o Paulo:&nbsp;<em>Maran\u00e1 th\u00e1!<\/em>&nbsp;&nbsp;<em>\u201cVinde, Senhor Jesus!\u201d<\/em>, e oremos para que Cristo esteja realmente presente hoje no nosso mundo e o renove.<\/p>\n\n\n\n<p><em><strong>Fonte:<\/strong>&nbsp;Parte do discurso do Papa Em\u00e9rito Bento XVI, por ocasi\u00e3o de uma Audi\u00eancia Geral, ocorrida na Pra\u00e7a S\u00e3o Pedro em Roma em 12 de novembro de 2008.<\/em><\/p>\n","protected":false},"excerpt":{"rendered":"<p>A&nbsp;primeira atitude&nbsp;\u00e9 a certeza de que Jesus ressuscitou, est\u00e1 com o Pai, e precisamente assim est\u00e1 conosco. Por isso temos a certeza, somos libertados do receio. Era este um efeito essencial da prega\u00e7\u00e3o crist\u00e3. O medo dos esp\u00edritos, das divindades, estava difundido em todo o mundo antigo. E tamb\u00e9m hoje os mission\u00e1rios encontram nas religi\u00f5es&hellip;<\/p>\n","protected":false},"author":1,"featured_media":3045,"comment_status":"open","ping_status":"open","sticky":false,"template":"","format":"standard","meta":{"footnotes":""},"categories":[22],"tags":[],"class_list":["post-3044","post","type-post","status-publish","format-standard","has-post-thumbnail","hentry","category-igreja","category-22","description-off"],"_links":{"self":[{"href":"https:\/\/comunidadefidelidade.com\/site\/wp-json\/wp\/v2\/posts\/3044","targetHints":{"allow":["GET"]}}],"collection":[{"href":"https:\/\/comunidadefidelidade.com\/site\/wp-json\/wp\/v2\/posts"}],"about":[{"href":"https:\/\/comunidadefidelidade.com\/site\/wp-json\/wp\/v2\/types\/post"}],"author":[{"embeddable":true,"href":"https:\/\/comunidadefidelidade.com\/site\/wp-json\/wp\/v2\/users\/1"}],"replies":[{"embeddable":true,"href":"https:\/\/comunidadefidelidade.com\/site\/wp-json\/wp\/v2\/comments?post=3044"}],"version-history":[{"count":1,"href":"https:\/\/comunidadefidelidade.com\/site\/wp-json\/wp\/v2\/posts\/3044\/revisions"}],"predecessor-version":[{"id":3046,"href":"https:\/\/comunidadefidelidade.com\/site\/wp-json\/wp\/v2\/posts\/3044\/revisions\/3046"}],"wp:featuredmedia":[{"embeddable":true,"href":"https:\/\/comunidadefidelidade.com\/site\/wp-json\/wp\/v2\/media\/3045"}],"wp:attachment":[{"href":"https:\/\/comunidadefidelidade.com\/site\/wp-json\/wp\/v2\/media?parent=3044"}],"wp:term":[{"taxonomy":"category","embeddable":true,"href":"https:\/\/comunidadefidelidade.com\/site\/wp-json\/wp\/v2\/categories?post=3044"},{"taxonomy":"post_tag","embeddable":true,"href":"https:\/\/comunidadefidelidade.com\/site\/wp-json\/wp\/v2\/tags?post=3044"}],"curies":[{"name":"wp","href":"https:\/\/api.w.org\/{rel}","templated":true}]}}