{"id":4400,"date":"2025-03-09T17:45:39","date_gmt":"2025-03-09T20:45:39","guid":{"rendered":"https:\/\/comunidadefidelidade.com\/site\/?p=4400"},"modified":"2025-03-09T17:45:40","modified_gmt":"2025-03-09T20:45:40","slug":"mensagem-pastoral-sobre-o-ano-santo-jubilar-de-2025","status":"publish","type":"post","link":"https:\/\/comunidadefidelidade.com\/site\/mensagem-pastoral-sobre-o-ano-santo-jubilar-de-2025\/","title":{"rendered":"Mensagem Pastoral sobre o Ano Santo Jubilar de 2025"},"content":{"rendered":"\n<p>O Bispo diocesano, Dom Pedro Carlos Cipollini publicou nessa manh\u00e3 a Mensagem Pastoral sobre o Ano Santo Jubilar de 2025.<\/p>\n\n\n\n<p>Nela Dom Pedro explica a origem do Jubileu ordin\u00e1rio da Igreja e como ao longo da hist\u00f3ria chegamos a celebra\u00e7\u00e3o de vinte e cinco em vinte e cinco anos. Nos recorda ainda que Jubileu vem de J\u00fabilo, ou seja, \u201cA alegria de ser perdoado\u201d.<\/p>\n\n\n\n<p>O Bispo diocesano tamb\u00e9m explica a import\u00e2ncia da penit\u00eancia e a conce\u00e7\u00e3o de indulg\u00eancias pela igreja, nos exortando a participar ativamente deste Ano Santo: \u201cSe no Sacramento da Penit\u00eancia experimentamos a miseric\u00f3rdia de Deus, na indulg\u00eancia experimentamos o transbordamento desta miseric\u00f3rdia.\u201d<\/p>\n\n\n\n<p>Confira a integra da mensagem no pdf abaixo.<\/p>\n\n\n\n<div data-wp-interactive=\"core\/file\" class=\"wp-block-file\"><object data-wp-bind--hidden=\"!state.hasPdfPreview\" hidden class=\"wp-block-file__embed\" data=\"https:\/\/comunidadefidelidade.com\/site\/wp-content\/uploads\/2025\/03\/Mensagem-Pastoral-sobre-o-ano-Jubilar-de-2025.pdf\" type=\"application\/pdf\" style=\"width:100%;height:600px\" aria-label=\"Incorporado de Mensagem-Pastoral-sobre-o-ano-Jubilar-de-2025.\"><\/object><a id=\"wp-block-file--media-9dfaacea-9aee-4e5f-890c-fc1c1ef5ec8a\" href=\"https:\/\/comunidadefidelidade.com\/site\/wp-content\/uploads\/2025\/03\/Mensagem-Pastoral-sobre-o-ano-Jubilar-de-2025.pdf\" target=\"_blank\" rel=\"noreferrer noopener\">Mensagem-Pastoral-sobre-o-ano-Jubilar-de-2025<\/a><a href=\"https:\/\/comunidadefidelidade.com\/site\/wp-content\/uploads\/2025\/03\/Mensagem-Pastoral-sobre-o-ano-Jubilar-de-2025.pdf\" class=\"wp-block-file__button wp-element-button\" download aria-describedby=\"wp-block-file--media-9dfaacea-9aee-4e5f-890c-fc1c1ef5ec8a\">Baixar<\/a><\/div>\n","protected":false},"excerpt":{"rendered":"<p>O Bispo diocesano, Dom Pedro Carlos Cipollini publicou nessa manh\u00e3 a Mensagem Pastoral sobre o Ano Santo Jubilar de 2025. Nela Dom Pedro explica a origem do Jubileu ordin\u00e1rio da Igreja e como ao longo da hist\u00f3ria chegamos a celebra\u00e7\u00e3o de vinte e cinco em vinte e cinco anos. Nos recorda ainda que Jubileu vem&hellip;<\/p>\n","protected":false},"author":1,"featured_media":4401,"comment_status":"open","ping_status":"open","sticky":false,"template":"","format":"standard","meta":{"footnotes":""},"categories":[22],"tags":[],"class_list":["post-4400","post","type-post","status-publish","format-standard","has-post-thumbnail","hentry","category-igreja","category-22","description-off"],"_links":{"self":[{"href":"https:\/\/comunidadefidelidade.com\/site\/wp-json\/wp\/v2\/posts\/4400","targetHints":{"allow":["GET"]}}],"collection":[{"href":"https:\/\/comunidadefidelidade.com\/site\/wp-json\/wp\/v2\/posts"}],"about":[{"href":"https:\/\/comunidadefidelidade.com\/site\/wp-json\/wp\/v2\/types\/post"}],"author":[{"embeddable":true,"href":"https:\/\/comunidadefidelidade.com\/site\/wp-json\/wp\/v2\/users\/1"}],"replies":[{"embeddable":true,"href":"https:\/\/comunidadefidelidade.com\/site\/wp-json\/wp\/v2\/comments?post=4400"}],"version-history":[{"count":1,"href":"https:\/\/comunidadefidelidade.com\/site\/wp-json\/wp\/v2\/posts\/4400\/revisions"}],"predecessor-version":[{"id":4403,"href":"https:\/\/comunidadefidelidade.com\/site\/wp-json\/wp\/v2\/posts\/4400\/revisions\/4403"}],"wp:featuredmedia":[{"embeddable":true,"href":"https:\/\/comunidadefidelidade.com\/site\/wp-json\/wp\/v2\/media\/4401"}],"wp:attachment":[{"href":"https:\/\/comunidadefidelidade.com\/site\/wp-json\/wp\/v2\/media?parent=4400"}],"wp:term":[{"taxonomy":"category","embeddable":true,"href":"https:\/\/comunidadefidelidade.com\/site\/wp-json\/wp\/v2\/categories?post=4400"},{"taxonomy":"post_tag","embeddable":true,"href":"https:\/\/comunidadefidelidade.com\/site\/wp-json\/wp\/v2\/tags?post=4400"}],"curies":[{"name":"wp","href":"https:\/\/api.w.org\/{rel}","templated":true}]}}