{"id":4779,"date":"2026-01-19T16:39:44","date_gmt":"2026-01-19T19:39:44","guid":{"rendered":"https:\/\/comunidadefidelidade.com\/site\/?p=4779"},"modified":"2026-01-19T16:39:45","modified_gmt":"2026-01-19T19:39:45","slug":"vocacional-elos-da-fidelidade","status":"publish","type":"post","link":"https:\/\/comunidadefidelidade.com\/site\/vocacional-elos-da-fidelidade\/","title":{"rendered":"Vocacional ELOS da Fidelidade"},"content":{"rendered":"\n<h3 class=\"wp-block-heading\"><strong>Convite \u2013 Encontro Vocacional dos ELOS<\/strong><\/h3>\n\n\n\n<p>Voc\u00ea \u00e9 nosso convidado para o <strong>Encontro Vocacional dos ELOS<\/strong>, um momento especial de escuta, discernimento e aprofundamento no chamado que Deus faz a cada um de n\u00f3s dentro da Comunidade Fidelidade.<\/p>\n\n\n\n<p>\ud83d\udcc5 <strong>Data:<\/strong> 25 de fevereiro<br>\u23f0 <strong>Hor\u00e1rio:<\/strong> 19h30<br>\ud83d\udccd <strong>Local:<\/strong> Sede da Comunidade Fidelidade<\/p>\n\n\n\n<p>Ser\u00e1 uma noite de ora\u00e7\u00e3o, partilha e forma\u00e7\u00e3o, na qual iremos refletir sobre os <strong>ELOS da Fidelidade<\/strong>, compreender melhor a identidade da comunidade e dar passos concretos no caminho vocacional.<\/p>\n\n\n\n<p>Se voc\u00ea sente no cora\u00e7\u00e3o o desejo de crescer na f\u00e9, fortalecer sua perten\u00e7a e discernir sua miss\u00e3o, venha participar conosco. Deus continua chamando, e a resposta come\u00e7a com a escuta.<\/p>\n\n\n\n<p><strong>Esperamos por voc\u00ea!<\/strong><\/p>\n\n\n\n<figure class=\"wp-block-image size-large\"><img fetchpriority=\"high\" decoding=\"async\" width=\"819\" height=\"1024\" src=\"https:\/\/comunidadefidelidade.com\/site\/wp-content\/uploads\/2026\/01\/ELOS2026-819x1024.png\" alt=\"\" class=\"wp-image-4780\" srcset=\"https:\/\/comunidadefidelidade.com\/site\/wp-content\/uploads\/2026\/01\/ELOS2026-819x1024.png 819w, https:\/\/comunidadefidelidade.com\/site\/wp-content\/uploads\/2026\/01\/ELOS2026-240x300.png 240w, https:\/\/comunidadefidelidade.com\/site\/wp-content\/uploads\/2026\/01\/ELOS2026-768x960.png 768w, https:\/\/comunidadefidelidade.com\/site\/wp-content\/uploads\/2026\/01\/ELOS2026.png 1080w\" sizes=\"(max-width: 819px) 100vw, 819px\" \/><\/figure>\n","protected":false},"excerpt":{"rendered":"<p>Convite \u2013 Encontro Vocacional dos ELOS Voc\u00ea \u00e9 nosso convidado para o Encontro Vocacional dos ELOS, um momento especial de escuta, discernimento e aprofundamento no chamado que Deus faz a cada um de n\u00f3s dentro da Comunidade Fidelidade. \ud83d\udcc5 Data: 25 de fevereiro\u23f0 Hor\u00e1rio: 19h30\ud83d\udccd Local: Sede da Comunidade Fidelidade Ser\u00e1 uma noite de ora\u00e7\u00e3o,&hellip;<\/p>\n","protected":false},"author":1,"featured_media":4780,"comment_status":"open","ping_status":"open","sticky":false,"template":"","format":"standard","meta":{"footnotes":""},"categories":[6,15],"tags":[],"class_list":["post-4779","post","type-post","status-publish","format-standard","has-post-thumbnail","hentry","category-news","category-noticias","category-6","category-15","description-off"],"_links":{"self":[{"href":"https:\/\/comunidadefidelidade.com\/site\/wp-json\/wp\/v2\/posts\/4779","targetHints":{"allow":["GET"]}}],"collection":[{"href":"https:\/\/comunidadefidelidade.com\/site\/wp-json\/wp\/v2\/posts"}],"about":[{"href":"https:\/\/comunidadefidelidade.com\/site\/wp-json\/wp\/v2\/types\/post"}],"author":[{"embeddable":true,"href":"https:\/\/comunidadefidelidade.com\/site\/wp-json\/wp\/v2\/users\/1"}],"replies":[{"embeddable":true,"href":"https:\/\/comunidadefidelidade.com\/site\/wp-json\/wp\/v2\/comments?post=4779"}],"version-history":[{"count":1,"href":"https:\/\/comunidadefidelidade.com\/site\/wp-json\/wp\/v2\/posts\/4779\/revisions"}],"predecessor-version":[{"id":4781,"href":"https:\/\/comunidadefidelidade.com\/site\/wp-json\/wp\/v2\/posts\/4779\/revisions\/4781"}],"wp:featuredmedia":[{"embeddable":true,"href":"https:\/\/comunidadefidelidade.com\/site\/wp-json\/wp\/v2\/media\/4780"}],"wp:attachment":[{"href":"https:\/\/comunidadefidelidade.com\/site\/wp-json\/wp\/v2\/media?parent=4779"}],"wp:term":[{"taxonomy":"category","embeddable":true,"href":"https:\/\/comunidadefidelidade.com\/site\/wp-json\/wp\/v2\/categories?post=4779"},{"taxonomy":"post_tag","embeddable":true,"href":"https:\/\/comunidadefidelidade.com\/site\/wp-json\/wp\/v2\/tags?post=4779"}],"curies":[{"name":"wp","href":"https:\/\/api.w.org\/{rel}","templated":true}]}}